[{"@context":"https:\/\/schema.org\/","@type":"Article","@id":"https:\/\/www.foxpc.cz\/auto-na-vylety\/#Article","mainEntityOfPage":"https:\/\/www.foxpc.cz\/auto-na-vylety\/","headline":"Auto na v\u00fdlety","name":"Auto na v\u00fdlety","description":"\u0158ekn\u011bte mi, kdo by necht\u011bl m\u00edt auto. Mysl\u00edm, \u017ee \u00fapln\u011b ka\u017ed\u00fd. Nyn\u00ed v dne\u0161n\u00ed dob\u011b se toti\u017e velmi t\u011b\u017eko n\u011bkdo obejde bez auta. V dne\u0161n\u00ed dob\u011b je hodn\u011b cestovatel\u016f a takov\u00fdch lid\u00ed, kte\u0159\u00ed cht\u011bj\u00ed jezdit n\u011bkam do ciziny. J\u00e1 bych tak cht\u011bla jezdit, jen\u017ee bohu\u017eel nem\u00e1m auto. Tak\u017ee se mus\u00edm spol\u00e9hat bu\u010f na to, jestli [&hellip;]","datePublished":"2022-01-24","dateModified":"2023-05-05","author":{"@type":"Person","@id":"https:\/\/www.foxpc.cz\/author\/#Person","name":"","url":"https:\/\/www.foxpc.cz\/author\/","identifier":1,"image":{"@type":"ImageObject","@id":"https:\/\/secure.gravatar.com\/avatar\/774cfd57496a9f02284489749b4229073861faca9d8a66df7d65507a77c5d31f?s=96&d=mm&r=g","url":"https:\/\/secure.gravatar.com\/avatar\/774cfd57496a9f02284489749b4229073861faca9d8a66df7d65507a77c5d31f?s=96&d=mm&r=g","height":96,"width":96}},"publisher":{"@type":"Organization","name":"foxpc.cz","logo":{"@type":"ImageObject","@id":"\/logo.png","url":"\/logo.png","width":600,"height":60}},"image":{"@type":"ImageObject","@id":"https:\/\/www.foxpc.cz\/wp-content\/uploads\/pexels-photo-10521317_2.jpeg","url":"https:\/\/www.foxpc.cz\/wp-content\/uploads\/pexels-photo-10521317_2.jpeg","height":0,"width":0},"url":"https:\/\/www.foxpc.cz\/auto-na-vylety\/","about":["Moto"],"wordCount":426,"articleBody":"\u0158ekn\u011bte mi, kdo by necht\u011bl m\u00edt auto. Mysl\u00edm, \u017ee \u00fapln\u011b ka\u017ed\u00fd. Nyn\u00ed v dne\u0161n\u00ed dob\u011b se toti\u017e velmi t\u011b\u017eko n\u011bkdo obejde bez auta. V dne\u0161n\u00ed dob\u011b je hodn\u011b cestovatel\u016f a takov\u00fdch lid\u00ed, kte\u0159\u00ed cht\u011bj\u00ed jezdit n\u011bkam do ciziny. J\u00e1 bych tak cht\u011bla jezdit, jen\u017ee bohu\u017eel nem\u00e1m auto. Tak\u017ee se mus\u00edm spol\u00e9hat bu\u010f na to, jestli m\u011b n\u011bkdo vezme s sebou na dovolenou. Anebo jestli to autobusem nebo vlakem. V\u017edycky jsem cht\u011bla jezdit n\u011bjak\u00fdm autem. A cht\u011bla jsem, aby to bylo moje auto. Jenom moje. Nicm\u00e9n\u011b ale jsem asi takov\u00e9 \u0161t\u011bst\u00ed nem\u011bla. M\u011bla jsem u\u017e dv\u011b autohav\u00e1rie a od t\u00e9 doby se boj\u00edm \u0159\u00eddit, a nav\u00edc u\u017e ani nem\u00e1m auto. Auto jsem prodala. Proto\u017ee jsem si \u0159ekla, \u017ee u\u017e nikdy nebudu \u0159\u00eddit. Ov\u0161em nyn\u00ed u\u017e jsou tomu dva nebo t\u0159i roky. T\u0159i roky u\u017e skoro ne\u0159\u00edd\u00edm.A tak jsem si \u0159ekla, \u017ee asi bych mohla zase znovu \u0159\u00eddit. \u0158idi\u010dsk\u00fd pr\u016fkaz jsem si u\u017e ud\u011blala a m\u011bla jsem to \u0161t\u011bst\u00ed, \u017ee jsem mu ud\u011blala hned napoprv\u00e9. Tak\u017ee jsem byla r\u00e1da, \u017ee jsi je\u0161t\u011b v\u0161echno pamatuj. Dokonce i j\u00edzdy a testy jsem ud\u011blala napoprv\u00e9. Nicm\u00e9n\u011b ale nem\u00e1m auto. Nyn\u00ed m\u011b velmi mrz\u00ed, \u017ee jsem to svoje star\u00e9 auto prodala. Ale i kdy\u017e ono u\u017e byl dvakr\u00e1t nabouran\u00e9. Sice bylo p\u011bkn\u00e9 a kr\u00e1sn\u00e9, ale j\u00e1 jsem ho necht\u011bla. B\u00e1la jsem se a mo\u017en\u00e1 to bylo i proklet\u00e9 auto. Tak\u017ee jsem si \u0159ekla, \u017ee tento rok si po\u0159\u00edd\u00edm mo\u017en\u00e1 n\u011bjak\u00e9 mal\u00e9 star\u0161\u00ed auto. Hlavn\u011b takov\u00e9 auto, kter\u00e9 bude bezpe\u010dn\u00e9, ale z\u00e1rove\u0148 hlavn\u011b levn\u00e9. Te\u010f si nemohu dovolit utr\u00e1cet moc pen\u011bz. M\u00e1m domek v rekonstrukci. Tak\u017ee auto mus\u00ed b\u00fdt na druh\u00e9 koleji. Nicm\u00e9n\u011b ale se velmi t\u011b\u0161\u00edm, tak a\u017e budu m\u00edt hotov\u00fd domek a taky sv\u00e9 vlastn\u00ed auto. V dne\u0161n\u00ed dob\u011b je auto velmi d\u016fle\u017eit\u00e9 a praktick\u00e9. R\u00e1da bych na v\u00fdlety, tak\u017ee bych si to u\u017e\u00edvala. A nevadilo by mi, kdyby n\u011bkdo jezdil se mnou. Nerada jezd\u00edm sama, tak\u017ee bych byla velmi r\u00e1da za n\u011bkoho, kdo by byl nalad\u011bn\u00fd na stejn\u00e9 vln\u011b jako jsme j\u00e1. T\u0159eba budu m\u00edt velk\u00e9 \u0161t\u011bst\u00ed.                                                                                                                                                                                                                                                                                                                                                                                        3.5\/5 - (11 votes)        "},{"@context":"https:\/\/schema.org\/","@type":"BreadcrumbList","itemListElement":[{"@type":"ListItem","position":1,"name":"Auto na v\u00fdlety","item":"https:\/\/www.foxpc.cz\/auto-na-vylety\/#breadcrumbitem"}]}]