[{"@context":"https:\/\/schema.org\/","@type":"Article","@id":"https:\/\/www.foxpc.cz\/bylo-za-komunismu-lepe-nez-dnes\/#Article","mainEntityOfPage":"https:\/\/www.foxpc.cz\/bylo-za-komunismu-lepe-nez-dnes\/","headline":"Bylo za komunismu l\u00e9pe ne\u017e dnes?","name":"Bylo za komunismu l\u00e9pe ne\u017e dnes?","description":"Za obdob\u00ed komunismu je ozna\u010dov\u00e1no obdob\u00ed let 1948-1989. Je v\u0161ak nutn\u00e9 \u0159\u00edci, \u017ee i v\u00a0tomto 40 let dlouh\u00e9m obdob\u00ed byly zm\u011bny a vl\u00e1da nebyla v\u017edy jednotn\u00e1. P\u0159esto se d\u00e1 hovo\u0159it o ur\u010dit\u00fdch trendech, kter\u00e9 byly pro tu dobu typick\u00e9. \u00a0 Jedn\u00edm z\u00a0argument\u016f, kter\u00fd p\u0159\u00edznivci t\u00e9to doby pou\u017e\u00edvaj\u00ed, jsou v\u011bt\u0161\u00ed soci\u00e1ln\u00ed jistoty. Pr\u00e1ci a bydlen\u00ed m\u011bl [&hellip;]","datePublished":"2019-11-23","dateModified":"2023-05-05","author":{"@type":"Person","@id":"https:\/\/www.foxpc.cz\/author\/#Person","name":"","url":"https:\/\/www.foxpc.cz\/author\/","identifier":1,"image":{"@type":"ImageObject","@id":"https:\/\/secure.gravatar.com\/avatar\/774cfd57496a9f02284489749b4229073861faca9d8a66df7d65507a77c5d31f?s=96&d=mm&r=g","url":"https:\/\/secure.gravatar.com\/avatar\/774cfd57496a9f02284489749b4229073861faca9d8a66df7d65507a77c5d31f?s=96&d=mm&r=g","height":96,"width":96}},"publisher":{"@type":"Organization","name":"foxpc.cz","logo":{"@type":"ImageObject","@id":"\/logo.png","url":"\/logo.png","width":600,"height":60}},"image":{"@type":"ImageObject","@id":"https:\/\/www.foxpc.cz\/wp-content\/uploads\/img_a361375_w3756_t1574606720.png","url":"https:\/\/www.foxpc.cz\/wp-content\/uploads\/img_a361375_w3756_t1574606720.png","height":0,"width":0},"url":"https:\/\/www.foxpc.cz\/bylo-za-komunismu-lepe-nez-dnes\/","about":["Politika"],"wordCount":658,"articleBody":"Za obdob\u00ed komunismu je ozna\u010dov\u00e1no obdob\u00ed let 1948-1989. Je v\u0161ak nutn\u00e9 \u0159\u00edci, \u017ee i v\u00a0tomto 40 let dlouh\u00e9m obdob\u00ed byly zm\u011bny a vl\u00e1da nebyla v\u017edy jednotn\u00e1. P\u0159esto se d\u00e1 hovo\u0159it o ur\u010dit\u00fdch trendech, kter\u00e9 byly pro tu dobu typick\u00e9.\t\u00a0\tJedn\u00edm z\u00a0argument\u016f, kter\u00fd p\u0159\u00edznivci t\u00e9to doby pou\u017e\u00edvaj\u00ed, jsou v\u011bt\u0161\u00ed soci\u00e1ln\u00ed jistoty. Pr\u00e1ci a bydlen\u00ed m\u011bl prakticky ka\u017ed\u00fd, st\u00e1t mu je zajistil. To je sice pravda, ale m\u011blo to i svou stinnou str\u00e1nku. Kdy\u017e \u010dlov\u011bk dostal pracovn\u00ed um\u00edst\u011bnku, nemohl ji odm\u00edtnout, i kdyby musel doj\u00ed\u017ed\u011bt jakkoliv dlouho. \t\u00a0\tProbl\u00e9m je v\u00a0tomto p\u0159\u00edpad\u011b v\u00a0tom, \u017ee v\u011bt\u0161ina lid\u00ed p\u0159echod na demokracii nezvl\u00e1dla. Byli 40 let, tedy cel\u00fd sv\u016fj \u017eivot zvykl\u00ed, \u017ee st\u00e1t za n\u011b v\u0161e za\u0159\u00eddil a postaral se. Nyn\u00ed je na ka\u017ed\u00e9m, aby se postaral s\u00e1m o sebe. Pr\u00e1ci ji\u017e ned\u00e1 \u010dlov\u011bku st\u00e1t, n\u00fdbr\u017e si ji mus\u00ed aktivn\u011b hledat. Stejn\u011b jako bydlen\u00ed. Ano, je to n\u00e1ro\u010dn\u011bj\u0161\u00ed, a pro star\u0161\u00ed generaci byl tento p\u0159echod leckdy t\u00e9m\u011b\u0159 likvida\u010dn\u00ed. \t\u00a0\tOv\u0161em i tento syst\u00e9m m\u00e1 sv\u00e9 mouchy. P\u0159edev\u0161\u00edm star\u0161\u00ed ob\u010dan\u00e9 mohou b\u00fdt vid\u011bni jako \u201eneperspektivn\u00ed\u201c a m\u00e1lokdo je zam\u011bstn\u00e1. Stejn\u00e1 situace potk\u00e1v\u00e1 i \u010derstv\u00e9 absolventy \u0161kol, kte\u0159\u00ed nemaj\u00ed \u017e\u00e1dn\u00e9 praktick\u00e9 zku\u0161enosti a firmy necht\u011bj\u00ed ztr\u00e1cet \u010das s\u00a0jejich zau\u010dov\u00e1n\u00edm. Av\u0161ak oproti minul\u00e9mu re\u017eimu je dobr\u00e9, \u017ee si ka\u017ed\u00fd m\u016f\u017ee hledat pr\u00e1ci v\u00a0oboru, v\u00a0jak\u00e9m chce, p\u0159\u00edpadn\u011b si i zalo\u017eit vlastn\u00ed firmu, co\u017e bylo za komunist\u016f t\u00e9m\u011b\u0159 nemysliteln\u00e9.\t\u00a0\tDal\u0161\u00edm \u010dast\u00fdm argumentem je potravinov\u00e1 sob\u011bsta\u010dnost. Nen\u00ed to pravda, na to, abychom byli potravinov\u011b sob\u011bsta\u010dn\u00ed, m\u00e1me p\u0159\u00edli\u0161 velkou hustotu obyvatel na kilometr \u010dtvere\u010dn\u00ed. Jednodu\u0161e \u0159e\u010deno, nem\u00e1me dostatek plochy, abychom mohli p\u011bstovat potravu pro v\u0161echny obyvatele. To platilo i za minul\u00e9ho re\u017eimu. Tehdy se v\u0161ak potraviny dov\u00e1\u017eely p\u0159ev\u00e1\u017en\u011b ze zem\u00ed sov\u011btsk\u00e9ho svazu, bylo to tedy pova\u017eov\u00e1no za bratrskou v\u00fdpomoc. A samoz\u0159ejm\u011b i my jsme na\u0161e p\u0159ebytky vyv\u00e1\u017eeli. \t\u00a0\tJe v\u0161ak pravdou, \u017ee potraviny se nedov\u00e1\u017eely z\u00a0takov\u00fdch vzd\u00e1lenost\u00ed jako dnes. To zaru\u010dovalo, \u017ee byly \u010derstv\u011bj\u0161\u00ed a d\u00e9le vydr\u017eely. Dnes se n\u011bkter\u00e9 druhy dov\u00e1\u017eej\u00ed p\u0159es p\u016fl sv\u011bta. Je ale tak\u00e9 pravda, \u017ee vzhledem k\u00a0tomu, \u017ee se dov\u00e1\u017eelo pouze z\u00a0\u00fazem\u00ed sov\u011btsk\u00e9ho svazu, v\u00fdb\u011br potravin byl pon\u011bkud omezen\u00fd. Nap\u0159\u00edklad tropick\u00e9 ovoce se z\u00edsk\u00e1valo pom\u011brn\u011b t\u011b\u017eko. \t\u00a0\tPosledn\u00ed v\u011bc\u00ed, na kterou se pod\u00edv\u00e1me, je kvalita potravin. Za minul\u00e9ho re\u017eimu pr\u00fd byly potraviny kvalitn\u011bj\u0161\u00ed ne\u017e dnes. Zde hodn\u011b z\u00e1le\u017e\u00ed na tom, co si pod kvalitou p\u0159edstav\u00edme. Je pravda, \u017ee tehdy nebyly nap\u0159\u00edklad masn\u00e9 v\u00fdrobky tak \u0161izen\u00e9, jako dnes. To se t\u00fdk\u00e1 p\u0159edev\u0161\u00edm sal\u00e1m\u016f a uzenin. Na druhou stranu nesm\u00edme zapom\u00ednat, \u017ee v\u00a0t\u00e9 dob\u011b prob\u00edhala t\u011b\u017ek\u00e1 chemizace pol\u00ed, a zv\u00ed\u0159at\u016fm byly pod\u00e1v\u00e1ny r\u016fzn\u00e9 r\u016fst podporuj\u00edc\u00ed l\u00e1tky. Net\u0159eba \u0159\u00edkat, \u017ee jsme byly jednou z\u00a0posledn\u00ed zem\u00ed, kter\u00e1 zak\u00e1zala pou\u017e\u00edv\u00e1n\u00ed pesticidu DDT. \t\u00a0\tTak\u017ee, kde je pravda? Za kter\u00e9ho re\u017eimu bylo l\u00edp? Oba maj\u00ed sv\u00e9 pro a proti a ka\u017ed\u00fd z\u00a0nich je vhodn\u00fd pro jin\u00fd typ lid\u00ed. Proto se mus\u00ed rozhodnout ka\u017ed\u00fd s\u00e1m. Je v\u0161ak nutn\u00e9 odd\u011blit vzpom\u00ednky na re\u017eim (a\u0165 u\u017e minul\u00fd nebo sou\u010dasn\u00fd) od vzpom\u00ednek na d\u011btstv\u00ed a nenasazovat si r\u016f\u017eov\u00e9 br\u00fdle.                                                                                                                                                                                                                                                                                                                                                                                        5\/5 - (6 votes)        "},{"@context":"https:\/\/schema.org\/","@type":"BreadcrumbList","itemListElement":[{"@type":"ListItem","position":1,"name":"Bylo za komunismu l\u00e9pe ne\u017e dnes?","item":"https:\/\/www.foxpc.cz\/bylo-za-komunismu-lepe-nez-dnes\/#breadcrumbitem"}]}]