[{"@context":"https:\/\/schema.org\/","@type":"Article","@id":"https:\/\/www.foxpc.cz\/zlodeji-mezi-nami\/#Article","mainEntityOfPage":"https:\/\/www.foxpc.cz\/zlodeji-mezi-nami\/","headline":"Zlod\u011bji mezi n\u00e1mi","name":"Zlod\u011bji mezi n\u00e1mi","description":"V\u0161eobecn\u00e9 zlod\u011bjstv\u00ed nen\u00ed jen d\u011bdictv\u00ed nemor\u00e1ln\u00edho socialismu. Kradlo se za Masaryka i za c\u00edsa\u0159e p\u00e1na. Historikov\u00e9 m\u00edn\u00ed, \u017ee zlat\u00e9 \u010dasy pro zlod\u011bje p\u0159ich\u00e1zej\u00ed s\u00a0ka\u017edou zm\u011bnou politick\u00e9ho re\u017eimu, a to proto, \u017ee ne\u017e si nov\u00e1 policejn\u00ed moc sedne, zlod\u011bji toho stihnou rychle vyu\u017e\u00edt. Je toho d\u016fkazem extr\u00e9mn\u00ed n\u00e1r\u016fst kriminality nejen v\u00a0roce 1989, ale i v\u00a0\u0159\u00edjnu 1918, [&hellip;]","datePublished":"2016-09-22","dateModified":"2023-05-05","author":{"@type":"Person","@id":"https:\/\/www.foxpc.cz\/author\/#Person","name":"","url":"https:\/\/www.foxpc.cz\/author\/","identifier":1,"image":{"@type":"ImageObject","@id":"https:\/\/secure.gravatar.com\/avatar\/774cfd57496a9f02284489749b4229073861faca9d8a66df7d65507a77c5d31f?s=96&d=mm&r=g","url":"https:\/\/secure.gravatar.com\/avatar\/774cfd57496a9f02284489749b4229073861faca9d8a66df7d65507a77c5d31f?s=96&d=mm&r=g","height":96,"width":96}},"publisher":{"@type":"Organization","name":"foxpc.cz","logo":{"@type":"ImageObject","@id":"\/logo.png","url":"\/logo.png","width":600,"height":60}},"image":{"@type":"ImageObject","@id":"https:\/\/www.foxpc.cz\/wp-content\/uploads\/img_a277254_w4433_t1599325361.png","url":"https:\/\/www.foxpc.cz\/wp-content\/uploads\/img_a277254_w4433_t1599325361.png","height":0,"width":0},"url":"https:\/\/www.foxpc.cz\/zlodeji-mezi-nami\/","about":["\u017divotn\u00ed styl"],"wordCount":517,"articleBody":"V\u0161eobecn\u00e9 zlod\u011bjstv\u00ed nen\u00ed jen d\u011bdictv\u00ed nemor\u00e1ln\u00edho socialismu. Kradlo se za Masaryka i za c\u00edsa\u0159e p\u00e1na. Historikov\u00e9 m\u00edn\u00ed, \u017ee zlat\u00e9 \u010dasy pro zlod\u011bje p\u0159ich\u00e1zej\u00ed s\u00a0ka\u017edou zm\u011bnou politick\u00e9ho re\u017eimu, a to proto, \u017ee ne\u017e si nov\u00e1 policejn\u00ed moc sedne, zlod\u011bji toho stihnou rychle vyu\u017e\u00edt.Je toho d\u016fkazem extr\u00e9mn\u00ed n\u00e1r\u016fst kriminality nejen v\u00a0roce 1989, ale i v\u00a0\u0159\u00edjnu 1918, kdy se kradlo v\u00a0takov\u00e9 m\u00ed\u0159e, \u017ee policie musela p\u0159iznat prohru v\u00a0boji proti zlo\u010dinu.Co v\u0161e se krade?Krade se v\u0161e, od pe\u0159in, kter\u00e9 dala majitelka vyv\u011btrat do okna, p\u0159es uhl\u00ed ze klepa, a\u017e po drah\u00e9 \u0161perky i drah\u00e1 auta. Krade se za tmy i za b\u00edl\u00e9ho dne. Vykr\u00e1daj\u00ed se byty, ale krade se tak\u00e9 v\u00a0obchodn\u00edch centrech, kde si zlod\u011bj\u00ed\u010dci rvou v\u011bci z\u00a0reg\u00e1l\u016f do kapes, batoh\u016f a ta\u0161ek. Lid\u00e9 jsou okr\u00e1d\u00e1ni i na ulici, kde jim nestydov\u00e9 servou kabelky z\u00a0ramen nebo nen\u00e1padn\u011b vyt\u00e1hnou pen\u011b\u017eenku z kapes. Dnes jsou v\u0161ak zlod\u011bji schopni ukr\u00e1st v\u00e1m i osobn\u00ed data z\u00a0po\u010d\u00edta\u010de nebo mobiln\u00edho telefonu, nebo i bankovn\u00edch \u00fa\u010dt\u016f.Pro\u010d se krade?Zlod\u011bji odcizuj\u00ed v\u011bci, kter\u00e9 jim nepat\u0159\u00ed, hned z\u00a0n\u011bkolika d\u016fvod\u016f. Ten, asi nej\u010dast\u011bj\u0161\u00ed, je obohatit sami sebe. Mezi slu\u0161n\u00fdmi ob\u010dany se v\u017edy najde n\u011bkdo, komu se nechce pracovat. A jako nejsnadn\u011bj\u0161\u00ed zp\u016fsob ob\u017eivy vid\u00ed pr\u00e1v\u011b v\u00a0tom, \u017ee si vyhl\u00e9dne n\u011bjakou snadnou ob\u011b\u0165, kterou oloup\u00ed.Mezi n\u00e1mi jsou ale i takov\u00ed zlod\u011bji, kte\u0159\u00ed vlastn\u011b trp\u00ed psychickou poruchou a zcizov\u00e1n\u00ed ciz\u00edch v\u011bc\u00ed je pro n\u011b pot\u0159eba a nutk\u00e1n\u00ed, kter\u00e9ho si ani nemus\u00ed b\u00fdt v\u011bdomi. Naz\u00fdv\u00e1me je kleptomany, a jejich porucha za\u010d\u00edn\u00e1 ji\u017e v\u00a0pubert\u011b a p\u0159etrv\u00e1v\u00e1 do vy\u0161\u0161\u00edho v\u011bku.Jak se br\u00e1nit zlod\u011bj\u016fm?V\u0161echny sv\u00e9 v\u011bci by si lid\u00e9 m\u011bli co nejv\u00edce chr\u00e1nit. Doma by si nem\u011bli nech\u00e1vat v\u011bt\u0161\u00ed obnosy pen\u011bz, a sv\u00e9 cennosti pokud mo\u017eno uschov\u00e1vat do trezoru. Samoz\u0159ejmost\u00ed by pak m\u011blo b\u00fdt \u0159\u00e1dn\u00e9 zamyk\u00e1n\u00ed sv\u00fdch byt\u016f a dom\u016f. P\u0159i n\u00e1v\u0161t\u011bv\u011b obchodn\u00edch center doporu\u010dujeme pen\u00edze, telefony a dal\u0161\u00ed cennosti uschovat do n\u00e1prsn\u00edch kapes, \u010d\u00edm\u017e se zt\u00ed\u017e\u00ed mo\u017enost odcizen\u00ed.Je pot\u0159eba myslet na to, \u017ee zlod\u011bji mezi n\u00e1mi v\u017edy byli a budou. Bohu\u017eel v\u011bt\u0161inou nejsou dostate\u010dn\u011b potrest\u00e1ni, proto je m\u00e1loco odrad\u00ed od sp\u00e1ch\u00e1n\u00ed tohoto trestn\u00e9ho \u010dinu. Uznejte sami, nebylo lep\u0161\u00ed, kdy\u017e byli zlod\u011bji d\u0159\u00edve za kr\u00e1de\u017e trest\u00e1ni uv\u011bzn\u011bn\u00edm na pran\u00fd\u0159i nebo rovnou useknut\u00edm ruky? Takov\u00fdto trest je sice p\u0159\u00edsn\u00fd, ale pak si m\u00e1lokdo dovolil odcizit, co mu nepat\u0159\u00ed.                                                                                                                                                                                                                                                                                                                                                                                        3.7\/5 - (9 votes)        "},{"@context":"https:\/\/schema.org\/","@type":"BreadcrumbList","itemListElement":[{"@type":"ListItem","position":1,"name":"Zlod\u011bji mezi n\u00e1mi","item":"https:\/\/www.foxpc.cz\/zlodeji-mezi-nami\/#breadcrumbitem"}]}]